{"id":100274,"date":"2022-10-24T18:21:10","date_gmt":"2022-10-24T17:21:10","guid":{"rendered":"https:\/\/middleeasttransparent.com\/?p=100274"},"modified":"2022-11-03T21:44:57","modified_gmt":"2022-11-03T20:44:57","slug":"pourquoi-je-ne-vais-pas-a-beyrouth","status":"publish","type":"post","link":"https:\/\/middleeasttransparent.com\/fr\/pourquoi-je-ne-vais-pas-a-beyrouth\/","title":{"rendered":"Pourquoi je ne vais pas \u00e0 Beyrouth"},"content":{"rendered":"<p class=\"marker\"><strong>J\u2019aime le Liban, pays bless\u00e9, meurtri, pill\u00e9 et laiss\u00e9 dans une grande solitude. Mais tant qu\u2019il n\u2019a pas le pouvoir, les moyens et les hommes qu\u2019il faut pour se d\u00e9barrasser d\u2019un corps \u00e9tranger sur son sol, le Hezbollah, il ne pourra pas se relever.<\/strong><\/p>\n<div class=\"ctn\">\n<div class=\"ads_body\">\n<p>&nbsp;<\/p>\n<\/div>\n<div id=\"beacon_630ce28208\"><img decoding=\"async\" src=\"https:\/\/pub.le360.ma\/ads360\/www\/delivery\/lg.php?bannerid=3137&amp;campaignid=35&amp;zoneid=278&amp;loc=https%3A%2F%2Ffr.le360.ma%2Fblog%2Fle-coup-de-gueule%2Fpourquoi-je-ne-vais-pas-a-beyrouth-269146&amp;cb=630ce28208\" alt=\"\" width=\"0\" height=\"0\" \/><\/div>\n<p><strong>Ce lundi j\u2019aurais d\u00fb \u00eatre \u00e0 Beyrouth avec l\u2019ensemble de l\u2019Acad\u00e9mie Goncourt pour apporter un soutien au peuple libanais et participer \u00e0 la foire du livre.<\/strong><\/p>\n<p>L\u2019Acad\u00e9mie devait aussi faire sa r\u00e9union pour \u00e9tablir la derni\u00e8re liste des romans retenus pour le Prix Goncourt et l\u2019annoncer demain \u00e0 partir de la capitale libanaise.<\/p>\n<p>Voil\u00e0 que le ministre de la Culture de l\u2019actuel gouvernement, Mohammed Mortada, proche du parti chiite Amal, lequel est dans le giron du Hezbollah, parti et arm\u00e9e install\u00e9s au Liban et financ\u00e9s par l\u2019Iran, publie un communiqu\u00e9 o\u00f9 il ne nous souhaite pas la bienvenue.<\/p>\n<p>Il accuse certains membres de l\u2019Acad\u00e9mie Goncourt, sans les nommer, \u00abd\u2019embrasser les projets sionistes dans la presse et dans la politique\u00bb. Il \u00e9crit ensuite qu\u2019il \u00abne permettrait pas \u00e0 des sionistes de venir parmi nous et de r\u00e9pandre le venin du sionisme au Liban\u00bb.<\/p>\n<p>Nous aurions pu traiter ce genre d\u2019accusation par le m\u00e9pris, mais nous sommes dans un pays o\u00f9 r\u00e8gne un grand chaos, o\u00f9 il n\u2019y a pas de s\u00e9curit\u00e9 et o\u00f9 des \u00e9crivains et des journalistes, sans parler d\u2019un pr\u00e9sident de la R\u00e9publique ont \u00e9t\u00e9 assassin\u00e9s en plein jour.<\/p>\n<p>Je rappelle que trois \u00e9crivains et journalistes importants ont \u00e9t\u00e9 froidement assassin\u00e9s ces derni\u00e8res ann\u00e9es: S<strong>amir Kassir, Hassan Hamdan et Lokman Slim.<\/strong><\/p>\n<p>Samir \u00e9tait mon ami. Il avait la double nationalit\u00e9, vivait entre la France et le Liban.<\/p>\n<p>Il \u00e9tait critique. Il prenait au s\u00e9rieux le r\u00f4le de l\u2019\u00e9crivain. T\u00e9moin et citoyen concern\u00e9. C\u2019\u00e9tait une belle intelligence, subtil, cultiv\u00e9 et g\u00e9n\u00e9reux. Il \u00e9tait encore jeune; il venait de se marier. Mort assassin\u00e9.<\/p>\n<p>J\u2019aime ce pays bless\u00e9, meurtri, pill\u00e9 et laiss\u00e9 dans une grande solitude. Mais tant qu\u2019il n\u2019a pas le pouvoir, les moyens et les hommes qu\u2019il faut pour se d\u00e9barrasser d\u2019un corps \u00e9tranger sur son sol, le Hezbollah, il ne pourra pas se relever.<\/p>\n<p>Le pr\u00e9sident et le secr\u00e9taire g\u00e9n\u00e9ral de l\u2019Acad\u00e9mie, ainsi que Paule Constant ont d\u00e9cid\u00e9 d\u2019honorer ce rendez-vous pris avec les \u00e9tudiants et les \u00e9crivains du Liban.<\/p>\n<p>Pourquoi ai-je refus\u00e9 de me rendre \u00e0 Beyrouth? A ce que je sache, je ne suis pas sioniste, loin de l\u00e0. Mais le fait d\u2019avoir appuy\u00e9 les Accords d\u2019Abraham qui ont reconnu la marocanit\u00e9 du Sahara et la reprise des relations avec Isra\u00ebl ferait de moi un sioniste.<\/p>\n<p><strong>Le ministre libanais visait certainement Pierre Assouline et Pascal Bruckner<\/strong>, deux \u00e9crivains ayant toujours d\u00e9fendu l\u2019Etat d\u2019Isra\u00ebl. Quant \u00e0 moi, mes prises de position politique ne peuvent pas plaire \u00e0 cet homme entre les mains du pouvoir iranien.<\/p>\n<p>L\u2019Iran est un Etat qui a toujours \u00e9t\u00e9 un adversaire de mon pays.<\/p>\n<p>Les m\u00e9dias ont rendu compte de ce mini-scandale. Les \u00e9crivains et organisateurs du salon du livre de Beyrouth ont essay\u00e9 de nous rassurer quant \u00e0 notre s\u00e9curit\u00e9 sur place. Mais comment aller chez quelqu\u2019un qui vous dit en face: on ne veut pas de vous chez nous?<\/p>\n<p><strong>Certes ce ministre, \u00e0 la solde du Hezbollah, ne repr\u00e9sente que lui-m\u00eame.<\/strong> Mais comment \u00eatre s\u00fbr qu\u2019un autre fou ne se l\u00e8ve le matin pour faire un carnage dans une capitale o\u00f9 la police est d\u00e9pass\u00e9e et o\u00f9 il n\u2019y a aucune s\u00e9curit\u00e9 pour personne?<\/p>\n<p>L\u2019Acad\u00e9mie Goncourt est un symbole. Symbole de rigueur et d\u2019int\u00e9grit\u00e9. Symbole d\u2019une France cultiv\u00e9e et ouverte sur le reste du monde. Elle d\u00e9cerne le prix litt\u00e9raire le plus prestigieux d\u2019Europe. Un Prix Goncourt aujourd\u2019hui est quasi l\u2019\u00e9quivalent d\u2019un Nobel \u00e0 l\u2019\u00e9chelle de la langue fran\u00e7aise dans le monde.<\/p>\n<p>Voil\u00e0 pourquoi le d\u00e9placement \u00e0 Beyrouth de six membres de ce jury a \u00e9t\u00e9 annul\u00e9.<\/p>\n<p>L\u2019Acad\u00e9mie Goncourt aurait pu d\u00e9cider de ne pas se rendre au Liban. Mais nous fonctionnons d\u00e9mocratiquement. Le pr\u00e9sident et le secr\u00e9taire g\u00e9n\u00e9ral ont plaid\u00e9 pour la pr\u00e9sence, une fa\u00e7on de dire au ministre que \u00abnous ne tenons pas compte\u00bb de ses d\u00e9clarations belliqueuses. Chacun a pris sa d\u00e9cision d\u2019y aller ou de ne pas y aller en toute libert\u00e9.<\/p>\n<p>La litt\u00e9rature, la bonne litt\u00e9rature sera au Salon de Beyrouth. Et de l\u00e0, l\u2019Acad\u00e9mie Goncourt annoncera la liste des quatre finalistes et rencontrera les \u00e9tudiants qui participent au Choix Goncourt de l\u2019Orient qui regroupe une douzaine d&rsquo;universit\u00e9s du monde arabe.<\/p>\n<p><span class=\"date-ttl\"><a href=\"https:\/\/twitter.com\/Tahar_B_Jelloun\" target=\"_blank\" rel=\"noopener\">@Tahar_B_Jelloun)<\/a><\/span><\/p>\n<p><a href=\"https:\/\/fr.le360.ma\/blog\/le-coup-de-gueule\/pourquoi-je-ne-vais-pas-a-beyrouth-269146\"><strong>LE 360<\/strong><\/a><\/p>\n<\/div>\n","protected":false},"excerpt":{"rendered":"<p>J\u2019aime le Liban, pays bless\u00e9, meurtri, pill\u00e9 et laiss\u00e9 dans une grande solitude. Mais tant qu\u2019il n\u2019a pas le pouvoir, les moyens et les hommes qu\u2019il faut pour se d\u00e9barrasser d\u2019un corps \u00e9tranger sur son sol, le Hezbollah, il ne pourra pas se relever. &nbsp; Ce lundi j\u2019aurais d\u00fb \u00eatre \u00e0 Beyrouth avec l\u2019ensemble de<\/p>\n","protected":false},"author":948,"featured_media":100281,"comment_status":"open","ping_status":"open","sticky":false,"template":"","format":"standard","meta":{"_uf_show_specific_survey":0,"_uf_disable_surveys":false,"footnotes":""},"categories":[22],"tags":[],"class_list":{"0":"post-100274","1":"post","2":"type-post","3":"status-publish","4":"format-standard","5":"has-post-thumbnail","7":"category-actualites-fr"},"aioseo_notices":[],"_links":{"self":[{"href":"https:\/\/middleeasttransparent.com\/fr\/wp-json\/wp\/v2\/posts\/100274","targetHints":{"allow":["GET"]}}],"collection":[{"href":"https:\/\/middleeasttransparent.com\/fr\/wp-json\/wp\/v2\/posts"}],"about":[{"href":"https:\/\/middleeasttransparent.com\/fr\/wp-json\/wp\/v2\/types\/post"}],"author":[{"embeddable":true,"href":"https:\/\/middleeasttransparent.com\/fr\/wp-json\/wp\/v2\/users\/948"}],"replies":[{"embeddable":true,"href":"https:\/\/middleeasttransparent.com\/fr\/wp-json\/wp\/v2\/comments?post=100274"}],"version-history":[{"count":0,"href":"https:\/\/middleeasttransparent.com\/fr\/wp-json\/wp\/v2\/posts\/100274\/revisions"}],"wp:featuredmedia":[{"embeddable":true,"href":"https:\/\/middleeasttransparent.com\/fr\/wp-json\/wp\/v2\/media\/100281"}],"wp:attachment":[{"href":"https:\/\/middleeasttransparent.com\/fr\/wp-json\/wp\/v2\/media?parent=100274"}],"wp:term":[{"taxonomy":"category","embeddable":true,"href":"https:\/\/middleeasttransparent.com\/fr\/wp-json\/wp\/v2\/categories?post=100274"},{"taxonomy":"post_tag","embeddable":true,"href":"https:\/\/middleeasttransparent.com\/fr\/wp-json\/wp\/v2\/tags?post=100274"}],"curies":[{"name":"wp","href":"https:\/\/api.w.org\/{rel}","templated":true}]}}