{"id":100147,"date":"2022-10-18T21:49:51","date_gmt":"2022-10-18T20:49:51","guid":{"rendered":"https:\/\/middleeasttransparent.com\/?p=100147"},"modified":"2022-10-18T21:49:51","modified_gmt":"2022-10-18T20:49:51","slug":"le-dindon-farci-des-frontieres-maritimes","status":"publish","type":"post","link":"https:\/\/middleeasttransparent.com\/fr\/le-dindon-farci-des-frontieres-maritimes\/","title":{"rendered":"Le dindon farci des fronti\u00e8res maritimes"},"content":{"rendered":"<h3><span style=\"color: #666699;\">Trait\u00e9 ? Accord ? Convention ? Protocole ? Le terme \u00ab\u00a0Transaction\u00a0\u00bb serait le mieux indiqu\u00e9 pour qualifier les pourparlers indirects entre le Liban et Isra\u00ebl, sur le trac\u00e9 des fronti\u00e8res maritimes, men\u00e9s par l\u2019interm\u00e9diaire des \u00c9tats Unis d\u2019Am\u00e9rique dans le r\u00f4le du courtier (broker). L\u2019accord conclu serait d\u00e9pourvu de tout fondement technique et juridique. N\u00e9gligeant le droit international, il constitue un nouveau mod\u00e8le in\u00e9dit des relations inter\u00e9tatiques. Il s\u2019inscrit plus dans l\u2019esprit des rencontres du Forum \u00c9conomique Mondial de Davos dont le pr\u00e9sident-fondateur Klaus Schwalb et le directeur Thierry Malleret ont publi\u00e9 en 2020 un livre-\u00e9v\u00e9nement sur le monde post-Covid_19 \u00e0 l\u2019horizon 2030 :\u00a0The Great Reset (La grande r\u00e9initialisation).<\/span><\/h3>\n<p>&nbsp;<\/p>\n<p>A-t-on grug\u00e9 le peuple libanais par la\u00a0<em>comedia dell\u2019arte<\/em>\u00a0du trac\u00e9 des fronti\u00e8res maritimes? A-t-on fait jouer au Liban le r\u00f4le du dindon de la farce, dans un ballet diplomatique \u00f4 combien mercantile? On a quasi ignor\u00e9 le droit international en optant pour une formule in\u00e9dite de pourparlers qui s\u2019inscrivent plus dans l\u2019esprit du\u00a0<em>Forum de Davos\u00a0<\/em>o\u00f9 se donnent rendez-vous les d\u00e9cideurs, \u00e9tatiques, politiques, financiers et socio-humanitaires du monde. Le\u00a0<em>Forum de Davos\u00a0<\/em>n\u2019a aucun statut en droit international ; c\u2019est une organisation priv\u00e9e de type ONG d\u00e9nu\u00e9e de toute repr\u00e9sentativit\u00e9 d\u00e9mocratique. Et pourtant, Davos est un haut-lieu o\u00f9 il faut \u00eatre vu afin de pouvoir \u00e9tablir des contacts entre les d\u00e9cideurs de la plan\u00e8te. \u00c0 la limite, ce serait une sorte de foire d\u2019\u00e9changes.<\/p>\n<p>De m\u00eame, les n\u00e9gociations indirectes sur les fronti\u00e8res maritimes libano-isra\u00e9liennes se sont d\u00e9roul\u00e9es selon un mod\u00e8le inhabituel jusqu\u2019\u00e0 pr\u00e9sent. Le Pr\u00e9sident de la r\u00e9publique libanaise a pris sur lui de diriger les n\u00e9gociations conform\u00e9ment \u00e0 l\u2019article 52 de la Constitution. On se demande pourquoi il n\u2019a pas \u00e9t\u00e9 tenu compte de certains param\u00e8tres techniques et juridiques.<\/p>\n<p>Ainsi, le 4 mars 2021, l\u2019arm\u00e9e libanaise, apr\u00e8s \u00e9tudes techniques pouss\u00e9es, informe le gouvernement du bon droit du Liban \u00e0 n\u00e9gocier sur base de la ligne 29 et non de la ligne 23 sur laquelle s\u2019appuyait le d\u00e9cret 2011\/6433 et qui, selon les sp\u00e9cialistes, manque d\u2019une base technico-juridique solide.<br \/>\nLe 12 avril 2021, le gouvernement libanais formule et signe le d\u00e9cret 2021\/6344 amendant les r\u00e9clamations du Liban. Le d\u00e9cret n\u2019a pas encore \u00e9t\u00e9 sign\u00e9 par le chef de l\u2019\u00c9tat. Une lettre fut cependant adress\u00e9e au secr\u00e9taire g\u00e9n\u00e9ral de l\u2019ONU par la d\u00e9l\u00e9gation du Liban, avertissant que la zone entre les lignes 23 et 29 fait l\u2019objet d\u2019un litige, sans plus. L\u2019opinion publique libanaise conna\u00eet aujourd\u2019hui tous les d\u00e9tails de ce dossier qu\u2019il serait superflu d\u2019\u00e9num\u00e9rer.<\/p>\n<p><img fetchpriority=\"high\" decoding=\"async\" class=\"size-medium wp-image-100152 aligncenter\" src=\"https:\/\/middleeasttransparent.com\/wp-content\/uploads\/2022\/10\/MAP2-600x538.png\" alt=\"\" width=\"600\" height=\"538\" srcset=\"https:\/\/middleeasttransparent.com\/wp-content\/uploads\/2022\/10\/MAP2-600x538.png 600w, https:\/\/middleeasttransparent.com\/wp-content\/uploads\/2022\/10\/MAP2-1024x918.png 1024w, https:\/\/middleeasttransparent.com\/wp-content\/uploads\/2022\/10\/MAP2-768x688.png 768w, https:\/\/middleeasttransparent.com\/wp-content\/uploads\/2022\/10\/MAP2.png 1080w\" sizes=\"(max-width: 600px) 100vw, 600px\" \/><\/p>\n<p>Commentant ces faits, Marc Ayoub, expert-consultant de l\u2019Institut Issam Fares (Universit\u00e9 Am\u00e9ricaine de Beyrouth) d\u00e9clare le 6 juin 2022 : \u00ab\u00a0Ce dossier n\u2019est plus technique mais politique. On a \u00e9cart\u00e9 le n\u00e9gociateur principal, \u00e0 savoir l\u2019arm\u00e9e libanaise. La lettre adress\u00e9e par le Liban en faveur de la ligne 29 est peut-\u00eatre une surench\u00e8re dans le cadre des n\u00e9gociations en cours. Elle pourrait implicitement signifier que le Liban serait dispos\u00e9 \u00e0 un troc entre Cana et Karish\u00a0\u00bb (<em>al Bina\u2019a<\/em>\u00a006\/06\/2022). Le 11 octobre courant l\u2019annonce de l\u2019accord, dont on ne sait pas grand-chose, intervenu entre le Liban et Isra\u00ebl est venue confirmer les appr\u00e9hensions de M. Ayoub.<\/p>\n<p>L\u2019\u00e9v\u00e9nement est in\u00e9dit. Le Liban ne s\u2019en sort pas grandi, loin de l\u00e0. La pol\u00e9mique va s\u2019amplifier et fera date dans l\u2019histoire de ce malheureux pays, maudit par ses propres traditions claniques et confessionnelles. La ligne 29 est identifi\u00e9e comme la plus favorable au Liban depuis 2011 par l\u2019office hydrographique britannique UKHO. \u00ab\u00a0Le Liban est un grand bazar\u00a0\u00bb clame Laury Haytayan, Secr\u00e9taire g\u00e9n\u00e9rale du parti\u00a0<em>Taqaddom<\/em>. Le Professeur Issam Khalif\u00e9 crie au scandale vu que la ligne 23 viole plusieurs points du droit international puisqu\u2019elle commence en pleine mer et non \u00e0 la derni\u00e8re borne frontali\u00e8re terrestre. Les experts consult\u00e9s s\u2019accordent \u00e0 dire que c\u2019est la ligne 29 qui est la plus solide, techniquement et juridiquement, car elle est en totale conformit\u00e9 avec la Convention internationale du droit de la mer. Tel n\u2019est pas l\u2019avis des politiciens libanais, non-experts en droit maritime, qui s\u2019\u00e9poumonent cependant \u00e0 crier victoire d\u2019avoir d\u00e9fendu la ligne 23 et le champ potentiel de Cana en renon\u00e7ant \u00e0 la ligne 29 et en abandonnant aux isra\u00e9liens le champ de Karish pr\u00eat \u00e0 \u00eatre commercialement exploit\u00e9.<\/p>\n<p>Trahison? Forfaiture? Incomp\u00e9tence? N\u00e9gligence criminelle? Que peut-on attendre d\u2019autre du couple milice-mafia qui a fait main basse sur le Liban et toutes ses richesses ? Bien s\u00fbr, le Pr\u00e9sident Biden est tr\u00e8s satisfait du Liban. Comment ne le serait-il pas alors qu\u2019une guerre mondiale se profile \u00e0 l\u2019horizon. Le Pr\u00e9sident Macron \u00e9galement ; son peuple risque de grelotter de froid au milieu des coupures du courant \u00e9lectrique. Ont-ils forc\u00e9 la main aux autorit\u00e9s libanaises? Avec qui ont-ils n\u00e9goci\u00e9? Le Liban ou l\u2019Iran? Dans cette transaction, le Hezbollah engrange les fruits politiques pour le compte de l\u2019Iran gr\u00e2ce au masque \u00ab\u00a0chr\u00e9tien\u00a0\u00bb que lui procure l\u2019accord de Mar Mikha\u00efl de 2006. On voit mal comment il pourrait l\u00e2cher un tel morceau aujourd\u2019hui. Il annonce qu\u2019il souhaite un \u00ab\u00a0pr\u00e9sident consensuel\u00a0\u00bb, c\u2019est-\u00e0-dire un pr\u00e9sident complaisant et servile. Qui est son cheval chr\u00e9tien-maronite favori ?<\/p>\n<p>Il n\u2019y a pas de quoi pavoiser. Il est probable que la situation g\u00e9n\u00e9rale interne du pays conna\u00eetra un r\u00e9pit certain. Isra\u00ebl est aujourd\u2019hui un partenaire commercial dans notre zone \u00e9conomique maritime. Le Liban n\u2019a plus d\u2019ennemi \u00e0 sa fronti\u00e8re m\u00e9ridionale. Sa grande s\u0153ur, la Syrie de Bachar el Assad, l\u2019entoure amoureusement de partout ailleurs. On imagine difficilement le gentil Liban, si g\u00e9n\u00e9reux avec son ex-ennemi sioniste, venir brandir le droit international pour n\u00e9gocier avec la Syrie-s\u0153ur ses fronti\u00e8res maritimes septentrionales. Les deux pays-fr\u00e8res trouveront un arrangement \u00e0 l\u2019amiable, satisfaisant l\u2019app\u00e9tit vorace du r\u00e9gime de Damas. Le courtier de pr\u00e9dilection est tout indiqu\u00e9 : les Mollahs de T\u00e9h\u00e9ran si ce r\u00e9gime ne tombe pas sous les coups de butoir de sa propre jeunesse.<br \/>\nOui, on aura un peu plus d\u2019\u00e9lectricit\u00e9 et quelques autres avantages du confort quotidien. Les d\u00e9p\u00f4ts bancaires ? On les reverra probablement dans l\u2019autre monde. Que nul ne songe \u00e0 pouvoir profiter du pactole p\u00e9trolier. Regardez les peuples du Nigeria et du Venezuela, pays qui regorgent de ressources p\u00e9troli\u00e8res. Leurs peuples cr\u00e8vent de mis\u00e8re. On peut donc oublier l\u2019explosion sur le port, l\u2019enqu\u00eate judiciaire, la faillite du secteur bancaire etc. La mafia du pouvoir vient de remporter une partie de poker qui lui assure sa propre survie au paradis des entit\u00e9s confessionnelles conf\u00e9d\u00e9r\u00e9es.<\/p>\n<p>Le mod\u00e8le transactionnel de cette d\u00e9limitation des fronti\u00e8res maritimes, place sur le m\u00eame plan des \u00c9tats souverains et des organisations du crime organis\u00e9 international. Le monde ne bronche pas au nom du r\u00e9alisme cynique de ce qui n\u2019est plus de la politique mais une vulgaire p\u00e9rip\u00e9tie d\u2019un marchandage. Est-ce l\u00e0 un mode de r\u00e9initialisation du monde de demain ?<br \/>\nElle est tomb\u00e9e bien bas Beyrouth, la Ville-M\u00e8re, la Ville nourrici\u00e8re des lois, la gardienne des Constitutions imp\u00e9riales o\u00f9, jadis, le Code Justinien fut collig\u00e9. Voici que la gardienne et protectrice du Droit accepte de se renier elle-m\u00eame au nom de la volont\u00e9 de puissance de certains et de leur insatiable voracit\u00e9.<\/p>\n<div class=\"clearfix\"><a href=\"https:\/\/icibeyrouth.com\/liban\/138982\">Ici Beyrouth<\/a><\/div>\n","protected":false},"excerpt":{"rendered":"<p>Trait\u00e9 ? Accord ? Convention ? Protocole ? Le terme \u00ab\u00a0Transaction\u00a0\u00bb serait le mieux indiqu\u00e9 pour qualifier les pourparlers indirects entre le Liban et Isra\u00ebl, sur le trac\u00e9 des fronti\u00e8res maritimes, men\u00e9s par l\u2019interm\u00e9diaire des \u00c9tats Unis d\u2019Am\u00e9rique dans le r\u00f4le du courtier (broker). L\u2019accord conclu serait d\u00e9pourvu de tout fondement technique et juridique. N\u00e9gligeant<\/p>\n","protected":false},"author":33,"featured_media":100150,"comment_status":"open","ping_status":"open","sticky":false,"template":"","format":"standard","meta":{"_uf_show_specific_survey":0,"_uf_disable_surveys":false,"footnotes":""},"categories":[25],"tags":[],"class_list":{"0":"post-100147","1":"post","2":"type-post","3":"status-publish","4":"format-standard","5":"has-post-thumbnail","7":"category-decryptages"},"aioseo_notices":[],"_links":{"self":[{"href":"https:\/\/middleeasttransparent.com\/fr\/wp-json\/wp\/v2\/posts\/100147","targetHints":{"allow":["GET"]}}],"collection":[{"href":"https:\/\/middleeasttransparent.com\/fr\/wp-json\/wp\/v2\/posts"}],"about":[{"href":"https:\/\/middleeasttransparent.com\/fr\/wp-json\/wp\/v2\/types\/post"}],"author":[{"embeddable":true,"href":"https:\/\/middleeasttransparent.com\/fr\/wp-json\/wp\/v2\/users\/33"}],"replies":[{"embeddable":true,"href":"https:\/\/middleeasttransparent.com\/fr\/wp-json\/wp\/v2\/comments?post=100147"}],"version-history":[{"count":0,"href":"https:\/\/middleeasttransparent.com\/fr\/wp-json\/wp\/v2\/posts\/100147\/revisions"}],"wp:featuredmedia":[{"embeddable":true,"href":"https:\/\/middleeasttransparent.com\/fr\/wp-json\/wp\/v2\/media\/100150"}],"wp:attachment":[{"href":"https:\/\/middleeasttransparent.com\/fr\/wp-json\/wp\/v2\/media?parent=100147"}],"wp:term":[{"taxonomy":"category","embeddable":true,"href":"https:\/\/middleeasttransparent.com\/fr\/wp-json\/wp\/v2\/categories?post=100147"},{"taxonomy":"post_tag","embeddable":true,"href":"https:\/\/middleeasttransparent.com\/fr\/wp-json\/wp\/v2\/tags?post=100147"}],"curies":[{"name":"wp","href":"https:\/\/api.w.org\/{rel}","templated":true}]}}