{"id":100106,"date":"2022-10-17T23:36:13","date_gmt":"2022-10-17T22:36:13","guid":{"rendered":"https:\/\/middleeasttransparent.com\/?p=100106"},"modified":"2022-10-17T23:36:13","modified_gmt":"2022-10-17T22:36:13","slug":"mysterieux-incendie-a-la-prison-devin","status":"publish","type":"post","link":"https:\/\/middleeasttransparent.com\/fr\/mysterieux-incendie-a-la-prison-devin\/","title":{"rendered":"Myst\u00e9rieux incendie \u00e0 la prison d\u2019Evin"},"content":{"rendered":"<header class=\"header-article\">\n<figure>\n<div>\n<div>\n<h2><strong><span style=\"color: #666699;\">Le r\u00e9gime des mollahs est soup\u00e7onn\u00e9 de semer le chaos pour justifier un durcissement de la r\u00e9pression.<\/span><\/strong><\/h2>\n<\/div>\n<\/div>\n<\/figure>\n<\/header>\n<div><\/div>\n<section id=\"section-article\">\n<div id=\"section-articleContent\">\n<h3><\/h3>\n<h3>Est-ce un tournant dans la r\u00e9volte ? Ou bien dans la strat\u00e9gie du r\u00e9gime pour en venir \u00e0 bout ? L\u2019incendie d\u00e9clench\u00e9 dans la nuit de samedi \u00e0 dimanche \u00e0 la vaste prison d\u2019Evin, au nord de T\u00e9h\u00e9ran, o\u00f9 sont d\u00e9tenus de nombreux opposants au r\u00e9gime, alimente les interrogations.<\/h3>\n<p>&nbsp;<\/p>\n<p class=\"article_element paragraph\">Des coups de feu et le bruit d\u2019explosions ont \u00e9t\u00e9 entendus, alors qu\u2019une \u00e9paisse fum\u00e9e se d\u00e9gageait d\u2019Evin, selon des images post\u00e9es sur les r\u00e9seaux sociaux. Inqui\u00e8tes pour leurs proches, de nombreuses familles ont cherch\u00e9 \u00e0 s\u2019approcher du centre p\u00e9nitentiaire o\u00f9 les slogans anti r\u00e9gime fusaient, comme c\u2019est le cas depuis un mois que l\u2019Iran est secou\u00e9 par une vague de manifestations d\u00e9clench\u00e9es par la mort de Mahsa Amini, une jeune Kurde iranienne qui portait mal son foulard, obligatoire pour les femmes en R\u00e9publique islamique. La r\u00e9pression qui s\u2019est ensuivie a entra\u00een\u00e9 la mort de plus de 150 personnes, selon des ONG.<\/p>\n<p class=\"article_element paragraph\">Dimanche, alors que le calme \u00e9tait revenu autour d\u2019Evin, o\u00f9 sont \u00e9galement d\u00e9tenus des manifestants de ces derni\u00e8res semaines, les autorit\u00e9s ont annonc\u00e9 la mort de quatre prisonniers dans l\u2019incendie, qui aurait fait une soixantaine de bless\u00e9s. Le pouvoir a \u00e9voqu\u00e9 \u00ab\u00a0des affrontements\u00a0\u00bb et accus\u00e9 des \u00ab\u00a0voyous d\u2019avoir incendi\u00e9 un entrep\u00f4t de v\u00eatements\u00a0\u00bb.<\/p>\n<p class=\"article_element paragraph\">C\u2019est l\u00e0 que sont emprisonn\u00e9s la chercheuse franco-iranienne Fariba Adelkhah et l\u2019Am\u00e9ricain Siamak Namazi, que le pourvoir cherche \u00e0 \u00e9changer contre des Iraniens d\u00e9tenus aux \u00c9tats-Unis et en Europe. Des proches de Namazi ont indiqu\u00e9 qu\u2019il avait \u00e9t\u00e9 transf\u00e9r\u00e9 loin de l\u2019incendie. Le comit\u00e9 de soutien de Mme\u00a0Adelkhah a \u00e9galement re\u00e7u des \u00ab\u00a0nouvelles rassurantes\u00a0\u00bb.<\/p>\n<p class=\"article_element paragraph\">Certaines sources interrog\u00e9es par Le Figaro estiment que les autorit\u00e9s seraient \u00e0 l\u2019origine de cet incendie. \u00ab\u00a0Il s\u2019agit de cr\u00e9er du chaos pour faire peur \u00e0 la masse des Iraniens qui redoute l\u2019instabilit\u00e9\u00a0\u00bb, confie l\u2019une d\u2019elles, qui a d\u00e9j\u00e0 connu de telles sc\u00e8nes en 2009 lors des manifestations cons\u00e9cutives au trucage de l\u2019\u00e9lection pr\u00e9sidentielle. \u00ab\u00a0Evin marque l\u2019entr\u00e9e dans une nouvelle phase, celle de la reprise en main par le pouvoir\u00a0\u00bb, ajoute-t-elle. \u00ab\u00a0Les autorit\u00e9s ont commenc\u00e9 \u00e0 arr\u00eater massivement, la justice, elle, condamne lourdement, des criminels \u00e9conomiques et de droit commun sont lib\u00e9r\u00e9s pour faire de la place\u00a0; et bient\u00f4t, des sc\u00e8nes de pillages vont d\u00e9marrer, avec des banques et des commerces attaqu\u00e9s par des \u00e9l\u00e9ments du syst\u00e8me, pour lui permettre d\u2019appara\u00eetre comme un rempart au chaos\u00a0\u00bb, anticipe cette source.<\/p>\n<p class=\"article_element paragraphTitle\"><strong>Nouvelles manifestations<\/strong><\/p>\n<p class=\"article_element paragraph\">Malgr\u00e9 ce durcissement de la r\u00e9pression, les manifestations continuent. \u00ab\u00a0Les mollahs doivent d\u00e9guerpir\u00a0!\u00a0\u00bb, ont scand\u00e9 des femmes sans voile dans un coll\u00e8ge technique de T\u00e9h\u00e9ran. Dans les universit\u00e9s, des jeunes ont manifest\u00e9 \u00e0 T\u00e9h\u00e9ran, \u00e0 Ispahan (Centre) et Kermanchah (Nord-Ouest), tandis qu\u2019\u00e0 Saqqez, la ville natale de Mahsa Amini au Kurdistan, des gr\u00e8ves ont \u00e9clat\u00e9.<\/p>\n<p class=\"article_element paragraph\">\u00ab\u00a0L\u2019histoire est loin d\u2019\u00eatre \u00e9crite\u00a0\u00bb, ajoute notre source, famili\u00e8re de l\u2019Iran. Le pouvoir a durci sa surveillance du r\u00e9formiste Mir Hossein Moussavi, plac\u00e9 en r\u00e9sidence surveill\u00e9e depuis 2009, lorsque le r\u00e9gime lui avait vol\u00e9 sa victoire \u00e0 la pr\u00e9sidentielle. Selon nos informations, les autorit\u00e9s redoutent le sc\u00e9nario d\u2019une marche de dizaines de milliers de manifestants qui le sortiraient par la force de son isolement. Il en serait \u00e9galement ainsi de l\u2019ancien pr\u00e9sident r\u00e9formateur Mohammad Khatami, priv\u00e9 de passeport depuis longtemps. \u00ab\u00a0Le pouvoir ne veut pas d\u2019un contre-pouvoir se coalisant avec les manifestants qui, aujourd\u2019hui, n\u2019ont pas de porte-parole politique.\u00a0\u00bb<\/p>\n<p><a href=\"https:\/\/www.lefigaro.fr\/flash-actu\/iran-la-situation-dans-la-prison-d-evine-est-sous-controle-apres-des-troubles-20221015\">LE FIGARO<\/a><\/p>\n<p class=\"article_element paragraph\">\n<\/div>\n<\/section>\n","protected":false},"excerpt":{"rendered":"<p>Le r\u00e9gime des mollahs est soup\u00e7onn\u00e9 de semer le chaos pour justifier un durcissement de la r\u00e9pression. Est-ce un tournant dans la r\u00e9volte ? Ou bien dans la strat\u00e9gie du r\u00e9gime pour en venir \u00e0 bout ? L\u2019incendie d\u00e9clench\u00e9 dans la nuit de samedi \u00e0 dimanche \u00e0 la vaste prison d\u2019Evin, au nord de T\u00e9h\u00e9ran,<\/p>\n","protected":false},"author":34,"featured_media":100110,"comment_status":"open","ping_status":"open","sticky":false,"template":"","format":"standard","meta":{"_uf_show_specific_survey":0,"_uf_disable_surveys":false,"footnotes":""},"categories":[37],"tags":[],"class_list":{"0":"post-100106","1":"post","2":"type-post","3":"status-publish","4":"format-standard","5":"has-post-thumbnail","7":"category-alaune-fr"},"aioseo_notices":[],"_links":{"self":[{"href":"https:\/\/middleeasttransparent.com\/fr\/wp-json\/wp\/v2\/posts\/100106","targetHints":{"allow":["GET"]}}],"collection":[{"href":"https:\/\/middleeasttransparent.com\/fr\/wp-json\/wp\/v2\/posts"}],"about":[{"href":"https:\/\/middleeasttransparent.com\/fr\/wp-json\/wp\/v2\/types\/post"}],"author":[{"embeddable":true,"href":"https:\/\/middleeasttransparent.com\/fr\/wp-json\/wp\/v2\/users\/34"}],"replies":[{"embeddable":true,"href":"https:\/\/middleeasttransparent.com\/fr\/wp-json\/wp\/v2\/comments?post=100106"}],"version-history":[{"count":0,"href":"https:\/\/middleeasttransparent.com\/fr\/wp-json\/wp\/v2\/posts\/100106\/revisions"}],"wp:featuredmedia":[{"embeddable":true,"href":"https:\/\/middleeasttransparent.com\/fr\/wp-json\/wp\/v2\/media\/100110"}],"wp:attachment":[{"href":"https:\/\/middleeasttransparent.com\/fr\/wp-json\/wp\/v2\/media?parent=100106"}],"wp:term":[{"taxonomy":"category","embeddable":true,"href":"https:\/\/middleeasttransparent.com\/fr\/wp-json\/wp\/v2\/categories?post=100106"},{"taxonomy":"post_tag","embeddable":true,"href":"https:\/\/middleeasttransparent.com\/fr\/wp-json\/wp\/v2\/tags?post=100106"}],"curies":[{"name":"wp","href":"https:\/\/api.w.org\/{rel}","templated":true}]}}