{"id":100037,"date":"2022-10-14T18:13:58","date_gmt":"2022-10-14T17:13:58","guid":{"rendered":"https:\/\/middleeasttransparent.com\/?p=100037"},"modified":"2022-10-14T18:13:58","modified_gmt":"2022-10-14T17:13:58","slug":"ces-analogies-entre-poutine-et-milosevic","status":"publish","type":"post","link":"https:\/\/middleeasttransparent.com\/fr\/ces-analogies-entre-poutine-et-milosevic\/","title":{"rendered":"Ces analogies entre Poutine et Milosevic"},"content":{"rendered":"<header class=\"header-article\">\n<figure>\n<div>\n<div>\n<div><\/div>\n<\/div>\n<\/div><figcaption id=\"figcaption\">\n<h3 class=\"h2 title darkTitle\"><span style=\"color: #666699;\">Entre les murs rouges du Kremlin et les colonnes blanches du palais pr\u00e9sidentiel \u00e0 Belgrade, souffle parfois la m\u00eame Histoire. D\u2019une guerre \u00e0 l\u2019autre, entra\u00een\u00e9s par l\u2019id\u00e9ologie, les Serbes dans les ann\u00e9es 1990 et les Russes depuis quatorze ans ont creus\u00e9 un m\u00eame sillon de sang dans la terre de leurs voisins. Le dernier discours de Vladimir Poutine a rappel\u00e9 la proximit\u00e9, \u00e0 la fois dans les m\u00e9thodes et les buts de guerre, de ces deux patries slaves et anciennement communistes, quand elles sont emport\u00e9es par les \u00e9lans imp\u00e9rialistes de la dictature.<\/span><\/h3>\n<\/figcaption><\/figure>\n<p>&nbsp;<\/p>\n<\/header>\n<section id=\"section-article\">\n<div id=\"section-articleContent\">\n<p class=\"article_element paragraph\">\u00ab\u00a0Nous ferons tout pour garantir la s\u00e9curit\u00e9 de nos peuples\u00a0\u00bb et obtenir la victoire de \u00ab\u00a0la grande Russie historique\u00a0\u00bb, a-t-il affirm\u00e9 le 30\u00a0septembre. En avril 1987, Slobodan Milosevic n\u2019avait pas dit autre chose \u00e0 la petite foule r\u00e9unie \u00e0 Kosovo Polje, le lieu sacr\u00e9 de la bataille du \u00ab\u00a0champ des Merles\u00a0\u00bb, qui consacra la victoire des Ottomans contre le prince Lazar en 1389. \u00ab\u00a0Personne n\u2019a le droit de frapper ce peuple.\u00a0\u00bb Deux ans plus tard, il reviendra avec une nouvelle promesse : \u00ab\u00a0Je garantis le droit des Serbes \u00e0 vivre r\u00e9unis dans un seul \u00c9tat.\u00a0\u00bb Pendant plus de dix ans, Slobodan Milosevic exaltera la Grande Serbie, seule contre tous et encercl\u00e9e par l\u2019ennemi &#8211; les Turcs, l\u2019Otan &#8211; mais qui se dresse, fi\u00e8re. Comme le fait aujourd\u2019hui la Russie humili\u00e9e, transform\u00e9e en citadelle assi\u00e9g\u00e9e\u2026<\/p>\n<p class=\"article_element paragraph\">Dans la foul\u00e9e, Milosevic supprimera l\u2019autonomie du <strong>Kosovo, aussi cher au c\u0153ur des Serbes que la Crim\u00e9e l\u2019est \u00e0 celui des Russes<\/strong>. Puis il entra\u00eenera son pays dans une guerre visant \u00e0 restaurer la Grande Serbie et \u00e0 soumettre les r\u00e9publiques de l\u2019ex-Yougoslavie titiste devenues ind\u00e9pendantes. Comme Poutine m\u00e8nera le sien dans des aventures militaires en G\u00e9orgie puis en Ukraine. En 2021, le pr\u00e9sident russe avait affirm\u00e9 que les Ukrainiens et les Russes ne formaient \u00ab qu\u2019un seul peuple \u00bb. \u00ab Ce jour-l\u00e0, le Milosevic en lui est sorti de son placard \u00bb, commente l\u2019ancien diplomate Michel Duclos. Il observe, entre les deux hommes, \u00ab la m\u00eame r\u00e9interpr\u00e9tation de l\u2019histoire, le m\u00eame ethno nationalisme, mis au service d\u2019une domination visc\u00e9rale qui les aveugle compl\u00e8tement \u00bb.<\/p>\n<p class=\"article_element paragraph\"><strong>Les similitudes entre les guerres serbe et russe sont d\u2019abord id\u00e9ologiques<\/strong>.<\/p>\n<p class=\"article_element paragraph\">Poutine comme Milosevic, h\u00e9ritiers de deux anciens empires, ont attis\u00e9 le nationalisme, exalt\u00e9 les sentiments d\u2019humiliation et de revanche. La Grande Serbie de Milosevic et la Grande Russie de Vladimir Poutine ont remis en cause les fronti\u00e8res. \u00ab\u00a0L\u00e0 o\u00f9 il y a une tombe serbe la terre est serbe\u00a0\u00bb, disait Milosevic, qui niait \u00e0 la Croatie et \u00e0 la Bosnie le droit d\u2019\u00eatre ind\u00e9pendantes. \u00ab\u00a0La nation ukrainienne n\u2019existe pas\u00a0\u00bb, lui r\u00e9pond Poutine. L\u2019id\u00e9ologie serbo-russe prend aussi ses racines dans la p\u00e9riode communiste, qui a l\u00e9gu\u00e9 aux responsables politiques une obsession du contr\u00f4le, une culture de la r\u00e9pression et de la force, une haine de l\u2019Occident et une habitude du r\u00e9visionnisme historique, qui fait dire \u00e0 Poutine que les Ukrainiens sont des nazis comme Milosevic affirmait que les Croates \u00e9taient des Oustachis.<\/p>\n<p class=\"article_element paragraph\">Certes, les deux guerres ont aussi des diff\u00e9rences. En Bosnie, le projet serbe s\u2019appuyait essentiellement sur une arm\u00e9e ethnique de volontaires alors que l\u2019intervention en Ukraine est faite par une arm\u00e9e de conscrits d\u00e9motiv\u00e9s. La guerre russe, surtout, se d\u00e9roule \u00e0 l\u2019ombre du nucl\u00e9aire. Mais les ressemblances se retrouvent aussi dans les m\u00e9thodes de guerre. Dans les deux cas, les minorit\u00e9s ont \u00e9t\u00e9 utilis\u00e9es pour fabriquer un conflit sur une situation locale et plus tard justifier la cr\u00e9ation d\u2019un nouvel \u00c9tat sur les cendres encore chaudes de la bataille. Le d\u00e9placement des populations, qui vise \u00e0 cr\u00e9er de nouveaux rapports de force sur le terrain, a \u00e9t\u00e9 pratiqu\u00e9 par les Serbes en Bosnie et au Kosovo et par les Russes en Ukraine. La politique de terreur a ob\u00e9i aux m\u00eames r\u00e8gles. Des villes &#8211; Sarajevo, Marioupol &#8211; assi\u00e9g\u00e9es, bombard\u00e9es, d\u00e9truites. Des civils tortur\u00e9s, jet\u00e9s dans des fosses communes. Une volont\u00e9 d\u2019\u00e9radiquer l\u2019identit\u00e9 de l\u2019autre en br\u00fblant les biblioth\u00e8ques, en chassant les populations ou en faisant du viol syst\u00e9matique un instrument de \u00ab\u00a0purification ethnique\u00a0\u00bb, comme les Serbes en Bosnie.<\/p>\n<p class=\"article_element paragraph\">De mars \u00e0 juin 1999, l\u2019Otan a men\u00e9 une campagne de bombardements de la Serbie. Puis, en octobre 2000, Milosevic a fini par \u00eatre chass\u00e9 du pouvoir par son peuple. Il avait aussi \u00e9t\u00e9 l\u00e2ch\u00e9 par son appareil de s\u00e9curit\u00e9. Il mourra avant la fin de son proc\u00e8s Tribunal p\u00e9nal international de La\u00a0Haye, en 2006. \u00c0 Belgrade, le pouvoir est toujours tiraill\u00e9 aujourd\u2019hui entre la Russie anti-occidentale et l\u2019Union europ\u00e9enne \u00e0 laquelle aspire une bonne part de la population. En Bosnie, c\u2019est le nationaliste Milorad Dodik, un admirateur de Poutine, qui milite pour que la \u00ab\u00a0Republika Srpska\u00a0\u00bb se d\u00e9tache de la Bosnie, qui a gagn\u00e9 l\u2019\u00e9lection le 3\u00a0octobre. Apr\u00e8s sept mois d\u2019une guerre qui ne se passe pas comme il le voulait, Vladimir Poutine pourrait-il subir le m\u00eame sort que Slobodan Milosevic\u00a0?<\/p>\n<p class=\"article_element paragraph\"><strong>L\u2019avocat sir Geoffrey Nice, qui a dirig\u00e9 l\u2019accusation contre Milosevic \u00e0 La\u00a0Haye, r\u00e9clame la cr\u00e9ation d\u2019un tribunal p\u00e9nal international pour juger les crimes commis en Ukraine. Il est essentiel selon lui que Vladimir Poutine soit jug\u00e9, pour dissuader les autres dictateurs.<\/strong><\/p>\n<p class=\"article_element paragraph\">D\u2019autres voudraient au contraire s\u2019inspirer d\u2019un autre pr\u00e9c\u00e9dent yougoslave, les accords de Dayton qui ont mis fin \u00e0 la guerre de Bosnie en 1995. Ce fragile compromis, qui avait fait la part belle \u00e0 l\u2019agresseur serbe malgr\u00e9 les crimes de guerre, a maintenu le pays dans une zone grise o\u00f9 les nationalismes vivent toujours. Mais en Europe occidentale, beaucoup r\u00eavent d\u2019une formule identique pour mettre fin \u00e0 la guerre, f\u00fbt-elle injuste pour les Ukrainiens.<\/p>\n<\/div>\n<p><a href=\"https:\/\/www.lefigaro.fr\/vox\/monde\/ces-analogies-entre-poutine-et-milosevic-20221013\">LE FIGARO<\/a><\/p>\n<\/section>\n","protected":false},"excerpt":{"rendered":"<p>Entre les murs rouges du Kremlin et les colonnes blanches du palais pr\u00e9sidentiel \u00e0 Belgrade, souffle parfois la m\u00eame Histoire. D\u2019une guerre \u00e0 l\u2019autre, entra\u00een\u00e9s par l\u2019id\u00e9ologie, les Serbes dans les ann\u00e9es 1990 et les Russes depuis quatorze ans ont creus\u00e9 un m\u00eame sillon de sang dans la terre de leurs voisins. Le dernier discours<\/p>\n","protected":false},"author":570,"featured_media":100040,"comment_status":"open","ping_status":"open","sticky":false,"template":"","format":"standard","meta":{"_uf_show_specific_survey":0,"_uf_disable_surveys":false,"footnotes":""},"categories":[37],"tags":[],"class_list":{"0":"post-100037","1":"post","2":"type-post","3":"status-publish","4":"format-standard","5":"has-post-thumbnail","7":"category-alaune-fr"},"aioseo_notices":[],"_links":{"self":[{"href":"https:\/\/middleeasttransparent.com\/fr\/wp-json\/wp\/v2\/posts\/100037","targetHints":{"allow":["GET"]}}],"collection":[{"href":"https:\/\/middleeasttransparent.com\/fr\/wp-json\/wp\/v2\/posts"}],"about":[{"href":"https:\/\/middleeasttransparent.com\/fr\/wp-json\/wp\/v2\/types\/post"}],"author":[{"embeddable":true,"href":"https:\/\/middleeasttransparent.com\/fr\/wp-json\/wp\/v2\/users\/570"}],"replies":[{"embeddable":true,"href":"https:\/\/middleeasttransparent.com\/fr\/wp-json\/wp\/v2\/comments?post=100037"}],"version-history":[{"count":0,"href":"https:\/\/middleeasttransparent.com\/fr\/wp-json\/wp\/v2\/posts\/100037\/revisions"}],"wp:featuredmedia":[{"embeddable":true,"href":"https:\/\/middleeasttransparent.com\/fr\/wp-json\/wp\/v2\/media\/100040"}],"wp:attachment":[{"href":"https:\/\/middleeasttransparent.com\/fr\/wp-json\/wp\/v2\/media?parent=100037"}],"wp:term":[{"taxonomy":"category","embeddable":true,"href":"https:\/\/middleeasttransparent.com\/fr\/wp-json\/wp\/v2\/categories?post=100037"},{"taxonomy":"post_tag","embeddable":true,"href":"https:\/\/middleeasttransparent.com\/fr\/wp-json\/wp\/v2\/tags?post=100037"}],"curies":[{"name":"wp","href":"https:\/\/api.w.org\/{rel}","templated":true}]}}